{"id":495,"date":"2026-04-08T09:41:29","date_gmt":"2026-04-08T12:41:29","guid":{"rendered":"https:\/\/ptparanoaitapoa.org\/?p=495"},"modified":"2026-04-08T10:11:41","modified_gmt":"2026-04-08T13:11:41","slug":"celina-leao-a-pa-de-cal-no-gdf","status":"publish","type":"post","link":"https:\/\/ptparanoaitapoa.org\/?p=495","title":{"rendered":"Celina Le\u00e3o, a p\u00e1 de cal no GDF"},"content":{"rendered":"\t\t<div data-elementor-type=\"wp-post\" data-elementor-id=\"495\" class=\"elementor elementor-495\" data-elementor-post-type=\"post\">\n\t\t\t\t<div class=\"elementor-element elementor-element-6df86f68 e-flex e-con-boxed e-con e-parent\" data-id=\"6df86f68\" data-element_type=\"container\" data-e-type=\"container\" data-settings=\"{&quot;background_background&quot;:&quot;classic&quot;}\">\n\t\t\t\t\t<div class=\"e-con-inner\">\n\t\t<div class=\"elementor-element elementor-element-53a72a4a e-flex e-con-boxed e-con e-child\" data-id=\"53a72a4a\" data-element_type=\"container\" data-e-type=\"container\">\n\t\t\t\t\t<div class=\"e-con-inner\">\n\t\t\t\t<div class=\"elementor-element elementor-element-5e994fbd elementor-widget__width-initial elementor-widget elementor-widget-heading\" data-id=\"5e994fbd\" data-element_type=\"widget\" data-e-type=\"widget\" data-widget_type=\"heading.default\">\n\t\t\t\t<div class=\"elementor-widget-container\">\n\t\t\t\t\t<h1 class=\"elementor-heading-title elementor-size-default\">O pior governo que a capital do pa\u00eds j\u00e1 teve <\/h1>\t\t\t\t<\/div>\n\t\t\t\t<\/div>\n\t\t\t\t\t<\/div>\n\t\t\t\t<\/div>\n\t\t\t\t\t<\/div>\n\t\t\t\t<\/div>\n\t\t<div class=\"elementor-element elementor-element-7921531 e-con-full e-flex e-con e-parent\" data-id=\"7921531\" data-element_type=\"container\" data-e-type=\"container\">\n\t\t\t\t<div class=\"elementor-element elementor-element-c892757 elementor-widget elementor-widget-text-editor\" data-id=\"c892757\" data-element_type=\"widget\" data-e-type=\"widget\" data-widget_type=\"text-editor.default\">\n\t\t\t\t<div class=\"elementor-widget-container\">\n\t\t\t\t\t\t\t\t\t<h4><strong>Gest\u00e3o Ibaneis-Celina enfrenta sucess\u00e3o de crises e den\u00fancias no Distrito Federal<\/strong><\/h4><p>O (des)governo Ibaneis\/Celina est\u00e1 atolado em um mar de den\u00fancias jamais visto na hist\u00f3ria de Bras\u00edlia. Entre os pontos cr\u00edticos, destaca-se a pol\u00eamica parceria com o Banco Master, al\u00e9m de acusa\u00e7\u00f5es de m\u00e1 gest\u00e3o de recursos p\u00fablicos que totalizariam R$ 30 bilh\u00f5es oriundos do Banco de Bras\u00edlia (BRB).<\/p><h4><strong>Sa\u00fade e Educa\u00e7\u00e3o sob suspeita<\/strong><\/h4><p>O setor de sa\u00fade p\u00fablica atravessa um desmonte acentuado pelas irregularidades no Iges-DF. A crise institucional se agravou com a nomea\u00e7\u00e3o do ent\u00e3o presidente do instituto para o cargo de Secret\u00e1rio de Sa\u00fade em meio a turbul\u00eancias na pasta.<\/p><p>Na educa\u00e7\u00e3o, a gest\u00e3o \u00e9 marcada por contratos de aluguel suspeitos de superfaturamento. Entre as medidas questionadas, est\u00e3o:<\/p><ul><li>A transfer\u00eancia da Secretaria de Educa\u00e7\u00e3o para um shopping center.<\/li><li>Casos registrados de distribui\u00e7\u00e3o de alimentos impr\u00f3prios para o consumo.<\/li><li>A reprova\u00e7\u00e3o de contas devido a investimentos abaixo do limite constitucional de 25%.<\/li><li>Instala\u00e7\u00e3o do programa de gest\u00e3o compartilhada em escolas p\u00fablicas.<\/li><\/ul><p>Neste in\u00edcio de ano, al\u00e9m da cr\u00f4nica car\u00eancia de professores efetivos \u2014 atenuada pela conquista da greve de 2025, que resultou na nomea\u00e7\u00e3o de 3 mil docentes em um cen\u00e1rio de quase 10 mil vagas em aberto \u2014, persiste o mart\u00edrio dos profissionais contratados em regime tempor\u00e1rio. J\u00e1 se somam dois meses de vencimentos incorretos e pagamentos incertos. Quem consegue trabalhar sem a garantia de seu sal\u00e1rio?<\/p><h4><strong>Crise na Seguran\u00e7a e Feminic\u00eddios<\/strong><\/h4><p>O sistema de seguran\u00e7a p\u00fablica tamb\u00e9m apresenta sinais de colapso. A Pol\u00edcia Militar opera atualmente com um d\u00e9ficit de 40% no efetivo. Al\u00e9m da falta de pessoal, a categoria enfrenta uma crise sanit\u00e1ria interna: cerca de um ter\u00e7o dos policiais est\u00e1 afastado por problemas de sa\u00fade mental.<\/p><p>Somado ao cen\u00e1rio de precariza\u00e7\u00e3o institucional, o Distrito Federal registra um aumento alarmante nos \u00edndices de feminic\u00eddio, consolidando o que cr\u00edticos e \u00f3rg\u00e3os de controle definem como uma crise generalizada nos servi\u00e7os essenciais da capital. Celina assume GDF sob sombra de den\u00fancias e desgaste pol\u00edtico.<\/p><h4><strong>Nova Governadora, velhas maracutaias<\/strong><\/h4><p>No \u00faltimo dia 30 de mar\u00e7o, ap\u00f3s a ren\u00fancia de Ibaneis Rocha, Celina Le\u00e3o assumiu o Governo do Distrito Federal (GDF). Vice-governadora e bra\u00e7o direito do ex-governante, Celina consolidou sua ascens\u00e3o p\u00fablica sob a influ\u00eancia do cl\u00e3 Roriz. Sua trajet\u00f3ria, contudo, \u00e9 marcada por controv\u00e9rsias e trai\u00e7\u00e3o: ap\u00f3s desaven\u00e7as com Jaqueline Roriz, veio \u00e0 tona um esquema envolvendo sobras or\u00e7ament\u00e1rias da C\u00e2mara Legislativa e empresas prestadoras de servi\u00e7os de UTIs. O suposto pagamento de propina chegaria ao montante de R$ 30 milh\u00f5es.<\/p><p>Embora tenha sido absolvida da acusa\u00e7\u00e3o de corrup\u00e7\u00e3o passiva, a governadora ainda responde a processo por improbidade administrativa. No processo, diversas provas foram validadas pela Justi\u00e7a, o que coloca em xeque sua tentativa de se distanciar dos esc\u00e2ndalos em governos de direita que historicamente assolam o Pal\u00e1cio do Buriti.<\/p><h4><strong>Heran\u00e7a apodrecida<\/strong><\/h4><p>Como parte ativa da gest\u00e3o anterior, Celina herda um &#8220;buraco financeiro&#8221; e uma base aliada na C\u00e2mara Legislativa que, detentora da maioria absoluta, \u00e9 acusada de coniv\u00eancia com irregularidades, incluindo a crise do Banco Master. Ao votar projetos majoritariamente contr\u00e1rios aos interesses da popula\u00e7\u00e3o, o Legislativo local torna-se, para muitos, o reflexo do descaso que envergonha a capital.<\/p><h4><strong>Parano\u00e1 e Itapo\u00e3: o retrato do abandono<\/strong><\/h4><p>Para as regi\u00f5es do Parano\u00e1 e Itapo\u00e3, a continuidade do grupo pol\u00edtico de Celina representa a manuten\u00e7\u00e3o de um desastre administrativo. Enquanto \u00f4nibus novos circulam em \u00e1reas nobres como \u00c1guas Claras, o transporte nessas comunidades permanece em frangalhos.<\/p><p>A realidade local \u00e9 dura:<\/p><ul><li>Educa\u00e7\u00e3o: Escolas superlotadas e apenas quatro creches conveniadas para uma popula\u00e7\u00e3o de 160 mil habitantes.<\/li><li>Sa\u00fade: Postos de sa\u00fade sem m\u00e9dicos, hospitais sem atendimento e UPAs operando em capacidade m\u00ednima.<\/li><\/ul><h4><strong>Asfalto &#8220;ca\u00e7a-n\u00edqueis&#8221; e falta de planejamento<\/strong><\/h4><p>Mesmo ap\u00f3s quatro trocas de pavimenta\u00e7\u00e3o, as avenidas permanecem esburacadas. O projeto urbano \u00e9 visto como deficiente e desconectado da realidade, consumindo milh\u00f5es de reais em obras que s\u00e3o dif\u00edceis de fiscalizar. O sentimento da comunidade \u00e9 claro: a popula\u00e7\u00e3o n\u00e3o quer apenas asfalto, quer respeito.<\/p><h4><strong>Mudan\u00e7a na administra\u00e7\u00e3o: &#8220;Seis por meia d\u00fazia&#8221;<\/strong><\/h4><p>Devido \u00e0 janela partid\u00e1ria e \u00e0s regras eleitorais, o Parano\u00e1 teve troca na administra\u00e7\u00e3o regional. Assumiu o Sr. Wagner, anteriormente gerente de Cultura \u2014 pasta que, sob sua gest\u00e3o, sofreu com o abandono e o desmonte de pol\u00edticas p\u00fablicas.<\/p><p>Wagner \u00e9 criticado por transferir a responsabilidade do sucateamento da cultura aos pr\u00f3prios artistas locais. Sua nomea\u00e7\u00e3o, vista como estrat\u00e9gica para manter o controle financeiro sobre os recursos da cultura por parte desse grupo pol\u00edtico, atropelou as regras e nem passou por uma nova elei\u00e7\u00e3o, para ent\u00e3o formar a obrigat\u00f3ria lista tr\u00edplice.<\/p><h4><strong>Nossa proposta de mudan\u00e7a<\/strong><\/h4><p>Cabe, agora, ao povo do Distrito Federal escolher um novo perfil para o GDF: algu\u00e9m que possua a alma brasiliense, que zele pela gest\u00e3o de nossa capital e que tenha um hist\u00f3rico pol\u00edtico ilibado e reconhecido. N\u00f3s, do Partido dos Trabalhadores, acreditamos e garantimos que o melhor nome para recuperar a imagem, a estrutura e a vitalidade da capital de nosso pa\u00eds \u00e9 Leandro Grass.<\/p>\t\t\t\t\t\t\t\t<\/div>\n\t\t\t\t<\/div>\n\t\t\t\t<\/div>\n\t\t\t\t<\/div>\n\t\t","protected":false},"excerpt":{"rendered":"<p>O pior governo que a capital do pa\u00eds j\u00e1 teve Gest\u00e3o Ibaneis-Celina enfrenta sucess\u00e3o de crises e den\u00fancias no Distrito Federal O (des)governo Ibaneis\/Celina est\u00e1 atolado em um mar de den\u00fancias jamais visto na hist\u00f3ria de Bras\u00edlia. Entre os pontos cr\u00edticos, destaca-se a pol\u00eamica parceria com o Banco Master, al\u00e9m de acusa\u00e7\u00f5es de m\u00e1 gest\u00e3o [&hellip;]<\/p>\n","protected":false},"author":1,"featured_media":0,"comment_status":"open","ping_status":"","sticky":false,"template":"","format":"standard","meta":{"_eb_attr":"","footnotes":""},"categories":[1],"tags":[],"class_list":["post-495","post","type-post","status-publish","format-standard","hentry","category-uncategorized"],"_links":{"self":[{"href":"https:\/\/ptparanoaitapoa.org\/index.php?rest_route=\/wp\/v2\/posts\/495","targetHints":{"allow":["GET"]}}],"collection":[{"href":"https:\/\/ptparanoaitapoa.org\/index.php?rest_route=\/wp\/v2\/posts"}],"about":[{"href":"https:\/\/ptparanoaitapoa.org\/index.php?rest_route=\/wp\/v2\/types\/post"}],"author":[{"embeddable":true,"href":"https:\/\/ptparanoaitapoa.org\/index.php?rest_route=\/wp\/v2\/users\/1"}],"replies":[{"embeddable":true,"href":"https:\/\/ptparanoaitapoa.org\/index.php?rest_route=%2Fwp%2Fv2%2Fcomments&post=495"}],"version-history":[{"count":6,"href":"https:\/\/ptparanoaitapoa.org\/index.php?rest_route=\/wp\/v2\/posts\/495\/revisions"}],"predecessor-version":[{"id":502,"href":"https:\/\/ptparanoaitapoa.org\/index.php?rest_route=\/wp\/v2\/posts\/495\/revisions\/502"}],"wp:attachment":[{"href":"https:\/\/ptparanoaitapoa.org\/index.php?rest_route=%2Fwp%2Fv2%2Fmedia&parent=495"}],"wp:term":[{"taxonomy":"category","embeddable":true,"href":"https:\/\/ptparanoaitapoa.org\/index.php?rest_route=%2Fwp%2Fv2%2Fcategories&post=495"},{"taxonomy":"post_tag","embeddable":true,"href":"https:\/\/ptparanoaitapoa.org\/index.php?rest_route=%2Fwp%2Fv2%2Ftags&post=495"}],"curies":[{"name":"wp","href":"https:\/\/api.w.org\/{rel}","templated":true}]}}